{"id":3928,"date":"2025-02-17T09:19:59","date_gmt":"2025-02-17T07:19:59","guid":{"rendered":"https:\/\/parikanniemi.fi\/?post_type=news&#038;p=3928"},"modified":"2025-02-17T09:19:59","modified_gmt":"2025-02-17T07:19:59","slug":"ministeri-sari-essayah-puhujaksi-ensi-kesan-80-orpokotijuhlille","status":"publish","type":"news","link":"https:\/\/parikanniemi.fi\/?news=ministeri-sari-essayah-puhujaksi-ensi-kesan-80-orpokotijuhlille","title":{"rendered":"Ministeri Sari Essayah puhujaksi ensi kes\u00e4n 80. Orpokotijuhlille"},"content":{"rendered":"\n<p>Vuosittain elokuussa vietett\u00e4v\u00e4t Orpokotijuhlat j\u00e4rjestet\u00e4\u00e4n 80. kerran Parikkalan Saaren kirkolla\u00a016.\u201317.8.2025. Juhlien teemana on\u00a0<em>Korkeimman suojassa<\/em>. \u00a0<\/p>\n\n\n\n<p><\/p>\n\n\n\n<p>Ensimm\u00e4ist\u00e4 kertaa yksi juhlien puhujista on ministeri, kun maa- ja mets\u00e4talousministeri\u00a0<strong>Sari Essayah<\/strong>\u00a0vierailee lauantaina 16.8. klo 12.00 p\u00e4iv\u00e4seuroissa. Muina puhujina ovat mm.\u00a0<strong>Henry Hedman<\/strong>,<strong>\u00a0Risto Kormilainen<\/strong>,<strong>\u00a0Erkki Lemetyinen<\/strong>,<strong>\u00a0Mervi P\u00e4\u00e4kk\u00f6<\/strong>,<strong>\u00a0Markus Tykkyl\u00e4inen<\/strong>,\u00a0<strong>Arto Valkeap\u00e4\u00e4<\/strong>\u00a0sek\u00e4 useita seurakuntien ja Parikanniemis\u00e4\u00e4ti\u00f6n ty\u00f6ntekij\u00f6it\u00e4. Raamattuopetusten pit\u00e4jin\u00e4 ovat\u00a0<strong>Erkki Jokinen<\/strong>,<strong>\u00a0Timo Keskitalo<\/strong>\u00a0ja<strong>\u00a0Inkeri Tuunanen<\/strong>. Juhlien koko ohjelma julkistetaan huhtikuussa ja on sen j\u00e4lkeen n\u00e4ht\u00e4viss\u00e4 osoitteessa\u00a0<a href=\"http:\/\/orpokotijuhlat.fi\/\">orpokotijuhlat.fi<\/a><\/p>\n\n\n\n<p><\/p>\n\n\n\n<p>Orpokotijuhlat saivat alkunsa luovutetussa Karjalassa yli sata vuotta sitten, jolloin niit\u00e4 vietettiin Parikanniemen orpokodilla. Sodan j\u00e4lkeen ne siirtyiv\u00e4t nykyiselle paikalle Saaren kirkolle. Siell\u00e4 traditio on jatkunut 80 vuotta, eiv\u00e4tk\u00e4 edes koronavuodet tehneet poikkeusta, vaan silloin juhlia vietettiin et\u00e4n\u00e4 striimattuina Patmos-Radion, Radio Dein ja YouTuben kautta. Vuonna 1915 perustettu Orpokoti siirtyi 1949 Mikkelin Ristiinaan, ja 1964 sen nimi muutettiin Parikanniemen lastenkodiksi. Orpokotijuhlilla tuetaan edelleen lastenkodin toimintaa.<\/p>\n\n\n\n<p><\/p>\n\n\n\n<p>Saaren kirkon Orpokotijuhlat j\u00e4rjest\u00e4\u00e4 Parikanniemis\u00e4\u00e4ti\u00f6, Parikkalan seurakunta ja Parikanniemen yst\u00e4v\u00e4t ry.<\/p>\n\n\n\n<p><\/p>\n\n\n\n<p>Lis\u00e4tietoja:&nbsp;<\/p>\n\n\n\n<p>Teuvo V. Riikonen&nbsp;<\/p>\n\n\n\n<p>Toiminnanjohtaja&nbsp;<\/p>\n\n\n\n<p>Parikanniemis\u00e4\u00e4ti\u00f6&nbsp;<\/p>\n\n\n\n<p>teuvov.riikonen@parikanniemi.fi<\/p>\n\n\n\n<p>0400315573<\/p>\n","protected":false},"excerpt":{"rendered":"<p>Vuosittain elokuussa vietett\u00e4v\u00e4t Orpokotijuhlat j\u00e4rjestet\u00e4\u00e4n 80. kerran Parikkalan Saaren kirkolla\u00a016.\u201317.8.2025. Juhlien teemana on\u00a0Korkeimman suojassa. \u00a0 Ensimm\u00e4ist\u00e4 kertaa yksi juhlien puhujista on ministeri, kun maa- ja mets\u00e4talousministeri\u00a0Sari Essayah\u00a0vierailee lauantaina 16.8. klo 12.00 p\u00e4iv\u00e4seuroissa. Muina puhujina ovat mm.\u00a0Henry Hedman,\u00a0Risto Kormilainen,\u00a0Erkki Lemetyinen,\u00a0Mervi P\u00e4\u00e4kk\u00f6,\u00a0Markus Tykkyl\u00e4inen,\u00a0Arto Valkeap\u00e4\u00e4\u00a0sek\u00e4 useita seurakuntien ja&#8230;<\/p>\n","protected":false},"author":2,"featured_media":0,"comment_status":"closed","ping_status":"closed","template":"","categories":[],"newstags":[],"class_list":["post-3928","news","type-news","status-publish","hentry"],"_links":{"self":[{"href":"https:\/\/parikanniemi.fi\/index.php?rest_route=\/wp\/v2\/news\/3928","targetHints":{"allow":["GET"]}}],"collection":[{"href":"https:\/\/parikanniemi.fi\/index.php?rest_route=\/wp\/v2\/news"}],"about":[{"href":"https:\/\/parikanniemi.fi\/index.php?rest_route=\/wp\/v2\/types\/news"}],"author":[{"embeddable":true,"href":"https:\/\/parikanniemi.fi\/index.php?rest_route=\/wp\/v2\/users\/2"}],"replies":[{"embeddable":true,"href":"https:\/\/parikanniemi.fi\/index.php?rest_route=%2Fwp%2Fv2%2Fcomments&post=3928"}],"wp:attachment":[{"href":"https:\/\/parikanniemi.fi\/index.php?rest_route=%2Fwp%2Fv2%2Fmedia&parent=3928"}],"wp:term":[{"taxonomy":"category","embeddable":true,"href":"https:\/\/parikanniemi.fi\/index.php?rest_route=%2Fwp%2Fv2%2Fcategories&post=3928"},{"taxonomy":"newstags","embeddable":true,"href":"https:\/\/parikanniemi.fi\/index.php?rest_route=%2Fwp%2Fv2%2Fnewstags&post=3928"}],"curies":[{"name":"wp","href":"https:\/\/api.w.org\/{rel}","templated":true}]}}